{"id":477,"date":"2013-09-08T21:22:07","date_gmt":"2013-09-08T19:22:07","guid":{"rendered":"http:\/\/inrepublica.fr\/blog\/?p=477"},"modified":"2013-09-08T21:22:07","modified_gmt":"2013-09-08T19:22:07","slug":"syrie-la-lettre-de-pierre-charasse-a-francois-hollande","status":"publish","type":"post","link":"https:\/\/inrepublica.fr\/blog\/2013\/09\/08\/syrie-la-lettre-de-pierre-charasse-a-francois-hollande\/","title":{"rendered":"Syrie, la lettre de Pierre Charasse \u00e0 Fran\u00e7ois Hollande"},"content":{"rendered":"<p>Ancien ambassadeur de france au\u00a0Pakistan, en Uruguay et au P\u00e9rou, et a repr\u00e9sentant de la France dans de nombreuses instances internationales, Pierre Charasse a adress\u00e9 une lettre pleine de bons sens au Pr\u00e9sident Fran\u00e7ois Hollande. Celle-ci est assez savoureuse a bien des \u00e9gards en particulier sur les \u00e9venements en Syrie:<\/p>\n<p><em>Mexico, le 2 septembre 2013<\/em><\/p>\n<p><em>Monsieur le Pr\u00e9sident de la R\u00e9publique,<\/em><\/p>\n<p><em>Dans l\u2019\u00e9preuve que subit actuellement l\u2019humanit\u00e9 du fait de la pr\u00e9sence d\u2019armes chimiques en Syrie, vous avez pris la t\u00eate d\u2019un grand mouvement mondial au nom de\u00a0\u00ab\u00a0l\u2019obligation de prot\u00e9ger\u00a0\u00bb\u00a0les populations civiles menac\u00e9es. Vous avez tr\u00e8s bien expliqu\u00e9 dans votre discours du 27 ao\u00fbt devant vos Ambassadeurs que c\u2019\u00e9tait l\u00e0 la vocation de la France, comme elle l\u2019a fait en Libye r\u00e9cemment, et qu\u2019elle ne manquerait pas \u00e0 son devoir. Votre d\u00e9termination exemplaire devrait rapidement convaincre vos partenaires europ\u00e9ens flageolants et les opinions publiques pleutres, en France, en Grande Bretagne, aux Etats-Unis et partout dans le monde, du bien-fond\u00e9 d\u2019une\u00a0 intervention militaire chirurgicale en Syrie.<\/em><\/p>\n<p><em>Naturellement, comme vous l\u2019avez rappel\u00e9 le 27 ao\u00fbt,\u00a0\u00ab\u00a0l\u2019obligation de prot\u00e9ger\u00a0\u00bbs\u2019inscrit dans une d\u00e9marche tr\u00e8s r\u00e9glement\u00e9e par les Nations Unies&#8230;<\/em><\/p>\n<p><a title=\"Pierre charasse \u00e0 Fran\u00e7ois Hollande\" href=\"http:\/\/blogs.mediapart.fr\/edition\/les-invites-de-mediapart\/article\/060913\/syrie-la-lettre-dun-ancien-ambassadeur-de-france-francois-hollande\" target=\"_blank\">Lire la suite sur M\u00e9diapart<\/a><\/p>\n","protected":false},"excerpt":{"rendered":"<p>Ancien ambassadeur de france au\u00a0Pakistan, en Uruguay et au P\u00e9rou, et a repr\u00e9sentant de la France dans de nombreuses instances internationales, Pierre Charasse a adress\u00e9 &hellip; <\/p>\n","protected":false},"author":1,"featured_media":478,"comment_status":"open","ping_status":"open","sticky":false,"template":"","format":"standard","meta":{"jetpack_post_was_ever_published":false,"_jetpack_newsletter_access":"","_jetpack_dont_email_post_to_subs":false,"_jetpack_newsletter_tier_id":0,"_jetpack_memberships_contains_paywalled_content":false,"_jetpack_memberships_contains_paid_content":false,"footnotes":"","jetpack_publicize_message":"","jetpack_publicize_feature_enabled":true,"jetpack_social_post_already_shared":true,"jetpack_social_options":{"image_generator_settings":{"template":"highway","default_image_id":0,"font":"","enabled":false},"version":2}},"categories":[12],"tags":[67,91,92,151,181],"class_list":["post-477","post","type-post","status-publish","format-standard","has-post-thumbnail","hentry","category-politique","tag-diplomatie","tag-france","tag-francois-hollande","tag-pierre-charasse","tag-syrie"],"jetpack_publicize_connections":[],"jetpack_featured_media_url":"https:\/\/i0.wp.com\/inrepublica.fr\/blog\/wp-content\/uploads\/2013\/09\/Fotolia_551627_Subscription_L%C2%A9-Gr%C3%A9gory-Delattre-Fotolia.com_.jpg?fit=639%2C425&ssl=1","jetpack_sharing_enabled":true,"jetpack_shortlink":"https:\/\/wp.me\/pbOkQ3-7H","_links":{"self":[{"href":"https:\/\/inrepublica.fr\/blog\/wp-json\/wp\/v2\/posts\/477","targetHints":{"allow":["GET"]}}],"collection":[{"href":"https:\/\/inrepublica.fr\/blog\/wp-json\/wp\/v2\/posts"}],"about":[{"href":"https:\/\/inrepublica.fr\/blog\/wp-json\/wp\/v2\/types\/post"}],"author":[{"embeddable":true,"href":"https:\/\/inrepublica.fr\/blog\/wp-json\/wp\/v2\/users\/1"}],"replies":[{"embeddable":true,"href":"https:\/\/inrepublica.fr\/blog\/wp-json\/wp\/v2\/comments?post=477"}],"version-history":[{"count":0,"href":"https:\/\/inrepublica.fr\/blog\/wp-json\/wp\/v2\/posts\/477\/revisions"}],"wp:featuredmedia":[{"embeddable":true,"href":"https:\/\/inrepublica.fr\/blog\/wp-json\/wp\/v2\/media\/478"}],"wp:attachment":[{"href":"https:\/\/inrepublica.fr\/blog\/wp-json\/wp\/v2\/media?parent=477"}],"wp:term":[{"taxonomy":"category","embeddable":true,"href":"https:\/\/inrepublica.fr\/blog\/wp-json\/wp\/v2\/categories?post=477"},{"taxonomy":"post_tag","embeddable":true,"href":"https:\/\/inrepublica.fr\/blog\/wp-json\/wp\/v2\/tags?post=477"}],"curies":[{"name":"wp","href":"https:\/\/api.w.org\/{rel}","templated":true}]}}