{"id":421,"date":"2013-06-23T10:54:25","date_gmt":"2013-06-23T08:54:25","guid":{"rendered":"http:\/\/inrepublica.fr\/blog\/?p=421"},"modified":"2015-09-24T17:07:33","modified_gmt":"2015-09-24T16:07:33","slug":"stephane-richard-redresse-fiscalement-en-2007","status":"publish","type":"post","link":"https:\/\/inrepublica.fr\/blog\/2013\/06\/23\/stephane-richard-redresse-fiscalement-en-2007\/","title":{"rendered":"St\u00e9phane Richard redress\u00e9 fiscalement en 2007&#8230;"},"content":{"rendered":"<p>S&rsquo;il y a bien une personne qui fait la une des journaux en ce moment, c&rsquo;est St\u00e9phane Richard. L&rsquo;ancien directeur de cabinet de Christine Lagarde au minist\u00e8re de l&rsquo;\u00c9conomie, et actuel PDG d&rsquo;Orange est en effet mis en examen dans l&rsquo;affaire Tapie \/ Cr\u00e9dit Lyonnais pour escroquerie en bande organis\u00e9e. Mais bien avant sa mise en examen, Mr St\u00e9phane Richard a fait l&rsquo;objet d&rsquo;un redressement fiscal le 12 octobre 2007 par l&rsquo;administration d&rsquo;un montant de 660 000\u20ac!<\/p>\n<p><img data-recalc-dims=\"1\" loading=\"lazy\" decoding=\"async\" width=\"576\" height=\"384\" class=\" wp-image-425 alignnone\" src=\"https:\/\/i0.wp.com\/inrepublica.fr\/blog\/wp-content\/uploads\/2013\/06\/stephane-richard_276.jpg?resize=576%2C384&#038;ssl=1\" alt=\"stephane richard\" srcset=\"https:\/\/i0.wp.com\/inrepublica.fr\/blog\/wp-content\/uploads\/2013\/06\/stephane-richard_276.jpg?w=576&amp;ssl=1 576w, https:\/\/i0.wp.com\/inrepublica.fr\/blog\/wp-content\/uploads\/2013\/06\/stephane-richard_276.jpg?resize=300%2C200&amp;ssl=1 300w, https:\/\/i0.wp.com\/inrepublica.fr\/blog\/wp-content\/uploads\/2013\/06\/stephane-richard_276.jpg?resize=150%2C100&amp;ssl=1 150w\" sizes=\"auto, (max-width: 576px) 100vw, 576px\" \/><\/p>\n<p>C&rsquo;est la DGI (Direction G\u00e9n\u00e9rale des Imp\u00f4ts) qui \u00e0 la suite d&rsquo;un contr\u00f4le fiscal pour les ann\u00e9es 2000, 2001, 2002, 2003 inflige un redressement fiscal de 660 000\u20ac comprenant un arri\u00e9r\u00e9 d&rsquo;imp\u00f4t, les majorations usuelles et une p\u00e9nalit\u00e9 de mauvaise foi d&rsquo;un montant de 5%&#8230; Il est redress\u00e9 dans le cadre d&rsquo;acquisitions par emprunts (LBO) avec plusieurs autres dirigeants du groupe immobilier Nexity dont St\u00e9phane Richard \u00e9tait le pr\u00e9sident \u00e0 l&rsquo;\u00e9poque.<\/p>\n<p>L\u00e0 o\u00f9 \u00e7a devient vraiment int\u00e9ressant, c&rsquo;est que St\u00e9phane Richard a trouv\u00e9 un compromis avec l&rsquo;administration fiscale le 15 mai 2007, soit une semaine avant sa nomination en tant que directeur de cabinet \u00e0 Bercy&#8230; \u00c7a laisse quand m\u00eame r\u00eaveur sur le degr\u00e9 de probit\u00e9 requis pour int\u00e9grer la haute administration du minist\u00e8re de l&rsquo;\u00c9conomie.<\/p>\n<p>On n\u2019oubliera pas que le sieur St\u00e9phane est fait chevalier de la L\u00e9gion d&rsquo;honneur en 2006 avec un superbe discours de Nicolas Sarkozy alors ministre de l&rsquo;Int\u00e9rieur:<\/p>\n<blockquote><p>Tu as r\u00e9ussi, St\u00e9phane. Tu es riche.<\/p><\/blockquote>\n<p>Et surtout il sera nomm\u00e9 \u00e0 la t\u00eate d&rsquo;Orange comme remerciement des bons et loyaux services. Un exemple de plus d&rsquo;une proximit\u00e9 d\u00e9rangeante entre patrons d&rsquo;entreprises et hommes politiques.<\/p>\n<p>&nbsp;<\/p>\n<p><em>Source:<\/em> <a title=\"Le nouvel observateur\" href=\"http:\/\/tempsreel.nouvelobs.com\/politique\/20071027.OBS1750\/redressement-fiscal-pour-le-directeur-de-cabinet-de-lagarde.html\" target=\"_blank\">Le nouvel observateur<\/a><\/p>\n","protected":false},"excerpt":{"rendered":"<p>S&rsquo;il y a bien une personne qui fait la une des journaux en ce moment, c&rsquo;est St\u00e9phane Richard. L&rsquo;ancien directeur de cabinet de Christine Lagarde &hellip; <\/p>\n","protected":false},"author":1,"featured_media":324,"comment_status":"open","ping_status":"open","sticky":false,"template":"","format":"standard","meta":{"jetpack_post_was_ever_published":false,"_jetpack_newsletter_access":"","_jetpack_dont_email_post_to_subs":false,"_jetpack_newsletter_tier_id":0,"_jetpack_memberships_contains_paywalled_content":false,"_jetpack_memberships_contains_paid_content":false,"footnotes":"","jetpack_publicize_message":"","jetpack_publicize_feature_enabled":true,"jetpack_social_post_already_shared":true,"jetpack_social_options":{"image_generator_settings":{"template":"highway","default_image_id":0,"font":"","enabled":false},"version":2}},"categories":[18,12],"tags":[34,56,57,114,140,168,178],"class_list":["post-421","post","type-post","status-publish","format-standard","has-post-thumbnail","hentry","category-condamne-par-la-justice","category-politique","tag-affaire","tag-condamnation","tag-condamne","tag-justice","tag-orange","tag-richard","tag-stephane"],"jetpack_publicize_connections":[],"jetpack_featured_media_url":"https:\/\/i0.wp.com\/inrepublica.fr\/blog\/wp-content\/uploads\/2013\/04\/money-2448_640.jpg?fit=640%2C440&ssl=1","jetpack_sharing_enabled":true,"jetpack_shortlink":"https:\/\/wp.me\/pbOkQ3-6N","_links":{"self":[{"href":"https:\/\/inrepublica.fr\/blog\/wp-json\/wp\/v2\/posts\/421","targetHints":{"allow":["GET"]}}],"collection":[{"href":"https:\/\/inrepublica.fr\/blog\/wp-json\/wp\/v2\/posts"}],"about":[{"href":"https:\/\/inrepublica.fr\/blog\/wp-json\/wp\/v2\/types\/post"}],"author":[{"embeddable":true,"href":"https:\/\/inrepublica.fr\/blog\/wp-json\/wp\/v2\/users\/1"}],"replies":[{"embeddable":true,"href":"https:\/\/inrepublica.fr\/blog\/wp-json\/wp\/v2\/comments?post=421"}],"version-history":[{"count":2,"href":"https:\/\/inrepublica.fr\/blog\/wp-json\/wp\/v2\/posts\/421\/revisions"}],"predecessor-version":[{"id":41769,"href":"https:\/\/inrepublica.fr\/blog\/wp-json\/wp\/v2\/posts\/421\/revisions\/41769"}],"wp:featuredmedia":[{"embeddable":true,"href":"https:\/\/inrepublica.fr\/blog\/wp-json\/wp\/v2\/media\/324"}],"wp:attachment":[{"href":"https:\/\/inrepublica.fr\/blog\/wp-json\/wp\/v2\/media?parent=421"}],"wp:term":[{"taxonomy":"category","embeddable":true,"href":"https:\/\/inrepublica.fr\/blog\/wp-json\/wp\/v2\/categories?post=421"},{"taxonomy":"post_tag","embeddable":true,"href":"https:\/\/inrepublica.fr\/blog\/wp-json\/wp\/v2\/tags?post=421"}],"curies":[{"name":"wp","href":"https:\/\/api.w.org\/{rel}","templated":true}]}}