{"id":41738,"date":"2015-09-15T16:43:03","date_gmt":"2015-09-15T15:43:03","guid":{"rendered":"http:\/\/inrepublica.fr\/blog\/?p=41738"},"modified":"2015-09-25T13:36:19","modified_gmt":"2015-09-25T12:36:19","slug":"haute-autorite-pour-la-transparence-de-la-vie-publique-des-retards-de-traitement","status":"publish","type":"post","link":"https:\/\/inrepublica.fr\/blog\/2015\/09\/15\/haute-autorite-pour-la-transparence-de-la-vie-publique-des-retards-de-traitement\/","title":{"rendered":"Haute Autorit\u00e9 pour la Transparence de la Vie Publique, des retards de traitement?"},"content":{"rendered":"<p>En 2013 le gouvernement a proc\u00e9d\u00e9 \u00e0 la mise en place d&rsquo;une Haute Autorit\u00e9 pour la Transparence de la Vie Publique suite \u00e0 plusieurs \u00ab\u00a0affaires\u00a0\u00bb (Cahuzac, Th\u00e9venoud, etc&#8230;).<\/p>\n<p>Cette autorit\u00e9 est destinataire des d\u00e9clarations d\u2019int\u00e9r\u00eat et des d\u00e9clarations de patrimoine de nombreux politiques en charge de mandat \u00e9lectoral. Il s&rsquo;agit notamment des membres du gouvernement, des d\u00e9put\u00e9s, des s\u00e9nateurs, mais aussi les maires des communes de plus de 20 000 habitants.<\/p>\n<p class=\"title\">Actuellement sur le site internet de HATVP on peut consulter les d\u00e9clarations des d\u00e9put\u00e9s et des s\u00e9nateurs, mais les \u00e9lus locaux ne sont toujours pas pr\u00e9sents. Il s&rsquo;agit pourtant d&rsquo;une obligation l\u00e9gale, voir le <a href=\"http:\/\/www.legifrance.gouv.fr\/affichTexteArticle.do?idArticle=LEGIARTI000028392144&amp;cidTexte=LEGITEXT000028392120&amp;dateTexte=20150915\" target=\"_blank\">D\u00e9cret n\u00b0 2013-1212 du 23 d\u00e9cembre 2013 (article 6)<\/a> qui oblige la HATVP \u00e0 rendre publique sur son site internet les d\u00e9clarations d\u2019int\u00e9r\u00eats, mais aussi la <a href=\"http:\/\/www.legifrance.gouv.fr\/affichTexteArticle.do;jsessionid=9B2B915CA968DCEBAB411C4F212892D6.tpdila11v_1?idArticle=LEGIARTI000028057509&amp;cidTexte=LEGITEXT000028057465&amp;dateTexte=20150915\" target=\"_blank\">loi n\u00b0 2013-907 du 11 octobre 2013 (article 11)<\/a> qui pr\u00e9cise quelles personnes font face \u00e0 ces obligations.<\/p>\n<p class=\"title\">Maintenant, r\u00e9sumons, les derni\u00e8res \u00e9lections municipales ont eu lieu le 30 mars 2014. Les maires d&rsquo;une commune de plus de 20 000 habitants ont deux mois pour adresser leurs d\u00e9clarations \u00e0 la HATVP. La HATVP poss\u00e8de donc ces d\u00e9clarations depuis le 30 mai 2014. Nous sommes maintenant le 15 septembre 2015, soit 1 an et 4 mois plus tard, et cette \u00ab\u00a0haute\u00a0\u00bb autorit\u00e9 n&rsquo;a toujours pas publi\u00e9 ces d\u00e9clarations! Soit ils se moquent du monde, soit il y a probl\u00e8me technique.<\/p>\n<p class=\"title\">Du coup pour en savoir plus j&rsquo;ai fait chauffer ma tr\u00e8s belle voix et j&rsquo;ai t\u00e9l\u00e9phon\u00e9 \u00e0 la HATVP. Une tr\u00e8s gentille standardiste m&rsquo;informe qu&rsquo;elle va me diriger vers le service concern\u00e9. Apr\u00e8s plusieurs tentatives de joindre un poste, retour \u00e0 la standardiste qui m&rsquo;explique que tout le monde est en r\u00e9union. J&rsquo;arrive quand m\u00eame \u00e0 savoir qu&rsquo;avant la fin de l&rsquo;ann\u00e9e les fameuses d\u00e9clarations seront en ligne&#8230;<\/p>\n<p class=\"title\">\u00a0On se demande pourquoi le l\u00e9gislateur nous a pondu une usine \u00e0 gaz pareil incapable de remplir sa mission&#8230;<\/p>\n","protected":false},"excerpt":{"rendered":"<p>En 2013 le gouvernement a proc\u00e9d\u00e9 \u00e0 la mise en place d&rsquo;une Haute Autorit\u00e9 pour la Transparence de la Vie Publique suite \u00e0 plusieurs \u00ab\u00a0affaires\u00a0\u00bb &hellip; <\/p>\n","protected":false},"author":1,"featured_media":41739,"comment_status":"open","ping_status":"open","sticky":false,"template":"","format":"standard","meta":{"jetpack_post_was_ever_published":false,"_jetpack_newsletter_access":"","_jetpack_dont_email_post_to_subs":false,"_jetpack_newsletter_tier_id":0,"_jetpack_memberships_contains_paywalled_content":false,"_jetpack_memberships_contains_paid_content":false,"footnotes":"","jetpack_publicize_message":"","jetpack_publicize_feature_enabled":true,"jetpack_social_post_already_shared":true,"jetpack_social_options":{"image_generator_settings":{"template":"highway","default_image_id":0,"font":"","enabled":false},"version":2}},"categories":[12],"tags":[220,154,222,221],"class_list":["post-41738","post","type-post","status-publish","format-standard","has-post-thumbnail","hentry","category-politique","tag-hatvp","tag-politique-2","tag-retard","tag-telephone"],"jetpack_publicize_connections":[],"jetpack_featured_media_url":"https:\/\/i0.wp.com\/inrepublica.fr\/blog\/wp-content\/uploads\/2015\/09\/hatvp.png?fit=449%2C203&ssl=1","jetpack_sharing_enabled":true,"jetpack_shortlink":"https:\/\/wp.me\/pbOkQ3-aRc","_links":{"self":[{"href":"https:\/\/inrepublica.fr\/blog\/wp-json\/wp\/v2\/posts\/41738","targetHints":{"allow":["GET"]}}],"collection":[{"href":"https:\/\/inrepublica.fr\/blog\/wp-json\/wp\/v2\/posts"}],"about":[{"href":"https:\/\/inrepublica.fr\/blog\/wp-json\/wp\/v2\/types\/post"}],"author":[{"embeddable":true,"href":"https:\/\/inrepublica.fr\/blog\/wp-json\/wp\/v2\/users\/1"}],"replies":[{"embeddable":true,"href":"https:\/\/inrepublica.fr\/blog\/wp-json\/wp\/v2\/comments?post=41738"}],"version-history":[{"count":7,"href":"https:\/\/inrepublica.fr\/blog\/wp-json\/wp\/v2\/posts\/41738\/revisions"}],"predecessor-version":[{"id":41805,"href":"https:\/\/inrepublica.fr\/blog\/wp-json\/wp\/v2\/posts\/41738\/revisions\/41805"}],"wp:featuredmedia":[{"embeddable":true,"href":"https:\/\/inrepublica.fr\/blog\/wp-json\/wp\/v2\/media\/41739"}],"wp:attachment":[{"href":"https:\/\/inrepublica.fr\/blog\/wp-json\/wp\/v2\/media?parent=41738"}],"wp:term":[{"taxonomy":"category","embeddable":true,"href":"https:\/\/inrepublica.fr\/blog\/wp-json\/wp\/v2\/categories?post=41738"},{"taxonomy":"post_tag","embeddable":true,"href":"https:\/\/inrepublica.fr\/blog\/wp-json\/wp\/v2\/tags?post=41738"}],"curies":[{"name":"wp","href":"https:\/\/api.w.org\/{rel}","templated":true}]}}