{"id":355,"date":"2013-05-25T15:42:46","date_gmt":"2013-05-25T13:42:46","guid":{"rendered":"http:\/\/inrepublica.fr\/blog\/?p=355"},"modified":"2015-09-24T17:18:58","modified_gmt":"2015-09-24T16:18:58","slug":"jean-christophe-lagarde-larroseur-arrose","status":"publish","type":"post","link":"https:\/\/inrepublica.fr\/blog\/2013\/05\/25\/jean-christophe-lagarde-larroseur-arrose\/","title":{"rendered":"Jean-Christophe Lagarde, l&rsquo;arroseur arros\u00e9???"},"content":{"rendered":"<p>Depuis le d\u00e9but de l&rsquo;affaire Cahuzac, de nombreuses\u00a0personnalit\u00e9s\u00a0politiques de tous bords ne se privent pas de\u00a0critiquer\u00a0ouvertement le manque de moralit\u00e9 de ce bon J\u00e9r\u00f4me. Parmi celles-ci, le d\u00e9put\u00e9 UDI Jean-Christophe Lagarde (\u00e9galement maire de Drancy) ne mache pas ses mots. Il a notamment d\u00e9clar\u00e9 :<\/p>\n<blockquote><p>Ce scandale a cr\u00e9\u00e9 un climat d\u00e9l\u00e9t\u00e8re dans notre pays. [\u2026] La confiance\u00a0<em>(des Fran\u00e7ais dans la parole publique)<\/em>\u00a0ne peut na\u00eetre que de la transparence<\/p><\/blockquote>\n<p>Affirmation tout \u00e0 fait exacte et parfaitement l\u00e9gitime.<\/p>\n<p>Ce qui l&rsquo;est beaucoup moins c&rsquo;est que Mr Lagarde n&rsquo;est pas inconnu de la justice fran\u00e7aise. Plusieurs proc\u00e9dures ont \u00e9t\u00e9 lanc\u00e9es \u00e0 l&rsquo;origine par\u00a0Ugo Portier-Thomassin, alors responsable de la section PS de Drancy contre Mr Lagarde pour\u00a0prise ill\u00e9gale d\u2019int\u00e9r\u00eat. Au final une partie sera class\u00e9e sans suite, mais l&rsquo;\u00e9lue sera\u00a0\u00a0condamn\u00e9e en d\u00e9cembre 2012 \u00e0 5\u00a0000 \u20ac d\u2019amende pour attribution ill\u00e9gale de march\u00e9 public, dans le cadre confidentiel d\u2019une proc\u00e9dure de plaider-coupable \u00e0 Paris. En 2013, il rembourse 51\u00a0712 \u20ac \u00e0 la municipalit\u00e9 de Drancy pour des frais qu\u2019elle avait ind\u00fbment engag\u00e9s au profit de l\u2019association politique du maire, ce qui lui permet d&rsquo;\u00e9teindre les poursuites. Comme quoi, on peut tr\u00e8s bien demander aux autres ce qu&rsquo;on n\u2019applique pas \u00e0 soi m\u00eame&#8230;<\/p>\n<p>&nbsp;<\/p>\n<p>Source: <a title=\"Le parisien JC Lagarde\" href=\"http:\/\/www.leparisien.fr\/faits-divers\/le-depute-jean-christophe-lagarde-rattrape-par-la-justice-06-04-2013-2702757.php\" target=\"_blank\">Le parisien<\/a><\/p>\n","protected":false},"excerpt":{"rendered":"<p>Depuis le d\u00e9but de l&rsquo;affaire Cahuzac, de nombreuses\u00a0personnalit\u00e9s\u00a0politiques de tous bords ne se privent pas de\u00a0critiquer\u00a0ouvertement le manque de moralit\u00e9 de ce bon J\u00e9r\u00f4me. Parmi &hellip; <\/p>\n","protected":false},"author":1,"featured_media":309,"comment_status":"open","ping_status":"open","sticky":false,"template":"","format":"standard","meta":{"jetpack_post_was_ever_published":false,"_jetpack_newsletter_access":"","_jetpack_dont_email_post_to_subs":false,"_jetpack_newsletter_tier_id":0,"_jetpack_memberships_contains_paywalled_content":false,"_jetpack_memberships_contains_paid_content":false,"footnotes":"","jetpack_publicize_message":"","jetpack_publicize_feature_enabled":true,"jetpack_social_post_already_shared":true,"jetpack_social_options":{"image_generator_settings":{"template":"highway","default_image_id":0,"font":"","enabled":false},"version":2}},"categories":[18,12],"tags":[56,114,115,154,196],"class_list":["post-355","post","type-post","status-publish","format-standard","has-post-thumbnail","hentry","category-condamne-par-la-justice","category-politique","tag-condamnation","tag-justice","tag-lagarde","tag-politique-2","tag-udi"],"jetpack_publicize_connections":[],"jetpack_featured_media_url":"https:\/\/i0.wp.com\/inrepublica.fr\/blog\/wp-content\/uploads\/2013\/04\/Droit_fr.png?fit=362%2C328&ssl=1","jetpack_sharing_enabled":true,"jetpack_shortlink":"https:\/\/wp.me\/pbOkQ3-5J","_links":{"self":[{"href":"https:\/\/inrepublica.fr\/blog\/wp-json\/wp\/v2\/posts\/355","targetHints":{"allow":["GET"]}}],"collection":[{"href":"https:\/\/inrepublica.fr\/blog\/wp-json\/wp\/v2\/posts"}],"about":[{"href":"https:\/\/inrepublica.fr\/blog\/wp-json\/wp\/v2\/types\/post"}],"author":[{"embeddable":true,"href":"https:\/\/inrepublica.fr\/blog\/wp-json\/wp\/v2\/users\/1"}],"replies":[{"embeddable":true,"href":"https:\/\/inrepublica.fr\/blog\/wp-json\/wp\/v2\/comments?post=355"}],"version-history":[{"count":1,"href":"https:\/\/inrepublica.fr\/blog\/wp-json\/wp\/v2\/posts\/355\/revisions"}],"predecessor-version":[{"id":41779,"href":"https:\/\/inrepublica.fr\/blog\/wp-json\/wp\/v2\/posts\/355\/revisions\/41779"}],"wp:featuredmedia":[{"embeddable":true,"href":"https:\/\/inrepublica.fr\/blog\/wp-json\/wp\/v2\/media\/309"}],"wp:attachment":[{"href":"https:\/\/inrepublica.fr\/blog\/wp-json\/wp\/v2\/media?parent=355"}],"wp:term":[{"taxonomy":"category","embeddable":true,"href":"https:\/\/inrepublica.fr\/blog\/wp-json\/wp\/v2\/categories?post=355"},{"taxonomy":"post_tag","embeddable":true,"href":"https:\/\/inrepublica.fr\/blog\/wp-json\/wp\/v2\/tags?post=355"}],"curies":[{"name":"wp","href":"https:\/\/api.w.org\/{rel}","templated":true}]}}