{"id":292,"date":"2013-04-13T19:41:25","date_gmt":"2013-04-13T17:41:25","guid":{"rendered":"http:\/\/inrepublica.fr\/blog\/?p=292"},"modified":"2015-09-24T17:23:44","modified_gmt":"2015-09-24T16:23:44","slug":"audrey-pulvar-petit-arrangement-avec-la-realite","status":"publish","type":"post","link":"https:\/\/inrepublica.fr\/blog\/2013\/04\/13\/audrey-pulvar-petit-arrangement-avec-la-realite\/","title":{"rendered":"Audrey Pulvar, petit arrangement avec la r\u00e9alit\u00e9&#8230;"},"content":{"rendered":"<p>Une nouvelle cat\u00e9gorie sur ce blog, la rubrique ils ont dit, ils ont menti&#8230;<\/p>\n<p>Pour inaugurer cette nouvelle rubrique, il y avait l&#8217;embarras du choix chez les politiques. Mais j&rsquo;ai d\u00e9cid\u00e9 de m&rsquo;attarder deux secondes sur Audray Pulvar la journaliste, car malheureusement les politiques n&rsquo;ont pas le monopole des petits arrangements avec la v\u00e9rit\u00e9&#8230;<\/p>\n<p>\u00c0 la suite de l&rsquo;affaire J\u00e9r\u00f4me Cahuzac, Audrey Pulvar s&rsquo;exprime sur le plateau du Grand Soir sur Direct 8 le 03 avril 2013.<\/p>\n<p>Au cours de cette \u00e9mission, elle exprime donc sa d\u00e9ception avec des arguments imparables:<\/p>\n<blockquote><p>\u00ab\u00a0Depuis 30 ans, la gauche n&rsquo;a cess\u00e9 de nous cocufier\u00a0\u00bb<\/p>\n<p>\u00ab\u00a0J&rsquo;\u00e9tais place de la Bastille le soir du 10 mai 1981&#8230; C&rsquo;est \u00e0 ce moment que j&rsquo;ai compris ce que la politique pouvait changer dans la vie des gens, j&rsquo;ai cru que les socialistes allaient changer la vie, c&rsquo;est ce qu&rsquo;ils avaient promis\u00a0\u00bb<\/p><\/blockquote>\n<p>Et l\u00e0 effectivement, l&rsquo;argument fait mouche avec une femme meurtrie dans ses convictions et la confiance qu&rsquo;elle accorde au PS. Le probl\u00e8me c&rsquo;est que Audrey Pulvar avait 9 ans le 10 mai 1981. \u00a0S&rsquo;il est probable qu&rsquo;un souvenir aussi marquant soit rest\u00e9 grav\u00e9 dans la m\u00e9moire d&rsquo;une petite fille \u00e0 l&rsquo;esprit\u00a0aiguis\u00e9, \u00e7a l&rsquo;est beaucoup moins quand on apprend qu&rsquo;\u00e0 cette date elle se trouvait encore en\u00a0Martinique\u00a0son d\u00e9partement d&rsquo;origine&#8230; En effet, sa<a href=\"http:\/\/fr.wikipedia.org\/wiki\/Audrey_Pulvar\" target=\"_blank\"> fiche Wikip\u00e9dia<\/a> nous apprend qu\u2019elle ne commence \u00e0 vivre en France qu&rsquo;\u00e0 partir de l&rsquo;\u00e2ge de 14 ans, et un <a href=\"http:\/\/www.liberation.fr\/medias\/0101163984-du-cran-a-l-ecran\" target=\"_blank\">portrait de 2008 publi\u00e9 dans le Figaro<\/a> nous apprend ceci:<\/p>\n<blockquote><p>\u00ab\u00a0\u00c0 14\u00a0ans,\u00a0<i>\u00abcrise d&rsquo;adolescence costaude\u00bb,<\/i>on l&rsquo;exp\u00e9die chez une tante \u00e0 Paris, o\u00f9 vivent d\u00e9j\u00e0 ses deux soeurs a\u00een\u00e9es.\u00a0\u00bb<\/p><\/blockquote>\n<p>Merci Mme Pulvar pour cette s\u00e9quence \u00e9motion, dommage que ce soit faux&#8230;<\/p>\n","protected":false},"excerpt":{"rendered":"<p>Une nouvelle cat\u00e9gorie sur ce blog, la rubrique ils ont dit, ils ont menti&#8230; Pour inaugurer cette nouvelle rubrique, il y avait l&#8217;embarras du choix &hellip; <\/p>\n","protected":false},"author":1,"featured_media":308,"comment_status":"open","ping_status":"open","sticky":false,"template":"","format":"standard","meta":{"jetpack_post_was_ever_published":false,"_jetpack_newsletter_access":"","_jetpack_dont_email_post_to_subs":false,"_jetpack_newsletter_tier_id":0,"_jetpack_memberships_contains_paywalled_content":false,"_jetpack_memberships_contains_paid_content":false,"footnotes":"","jetpack_publicize_message":"","jetpack_publicize_feature_enabled":true,"jetpack_social_post_already_shared":true,"jetpack_social_options":{"image_generator_settings":{"template":"highway","default_image_id":0,"font":"","enabled":false},"version":2}},"categories":[23,12,14],"tags":[40,113,126,162],"class_list":["post-292","post","type-post","status-publish","format-standard","has-post-thumbnail","hentry","category-ils-ont-dit-ils-ont-menti","category-politique","category-societe","tag-audrey","tag-journaliste","tag-mensonge-medias","tag-pulvar"],"jetpack_publicize_connections":[],"jetpack_featured_media_url":"https:\/\/i0.wp.com\/inrepublica.fr\/blog\/wp-content\/uploads\/2013\/04\/3522885686_3256758869_o.png?fit=728%2C692&ssl=1","jetpack_sharing_enabled":true,"jetpack_shortlink":"https:\/\/wp.me\/pbOkQ3-4I","_links":{"self":[{"href":"https:\/\/inrepublica.fr\/blog\/wp-json\/wp\/v2\/posts\/292","targetHints":{"allow":["GET"]}}],"collection":[{"href":"https:\/\/inrepublica.fr\/blog\/wp-json\/wp\/v2\/posts"}],"about":[{"href":"https:\/\/inrepublica.fr\/blog\/wp-json\/wp\/v2\/types\/post"}],"author":[{"embeddable":true,"href":"https:\/\/inrepublica.fr\/blog\/wp-json\/wp\/v2\/users\/1"}],"replies":[{"embeddable":true,"href":"https:\/\/inrepublica.fr\/blog\/wp-json\/wp\/v2\/comments?post=292"}],"version-history":[{"count":2,"href":"https:\/\/inrepublica.fr\/blog\/wp-json\/wp\/v2\/posts\/292\/revisions"}],"predecessor-version":[{"id":41786,"href":"https:\/\/inrepublica.fr\/blog\/wp-json\/wp\/v2\/posts\/292\/revisions\/41786"}],"wp:featuredmedia":[{"embeddable":true,"href":"https:\/\/inrepublica.fr\/blog\/wp-json\/wp\/v2\/media\/308"}],"wp:attachment":[{"href":"https:\/\/inrepublica.fr\/blog\/wp-json\/wp\/v2\/media?parent=292"}],"wp:term":[{"taxonomy":"category","embeddable":true,"href":"https:\/\/inrepublica.fr\/blog\/wp-json\/wp\/v2\/categories?post=292"},{"taxonomy":"post_tag","embeddable":true,"href":"https:\/\/inrepublica.fr\/blog\/wp-json\/wp\/v2\/tags?post=292"}],"curies":[{"name":"wp","href":"https:\/\/api.w.org\/{rel}","templated":true}]}}